{"id":172,"date":"2016-08-09T01:00:05","date_gmt":"2016-08-08T22:00:05","guid":{"rendered":"http:\/\/ihed.org.tr\/?p=172"},"modified":"2016-08-09T01:18:23","modified_gmt":"2016-08-08T22:18:23","slug":"ihed-cankaya-koskund","status":"publish","type":"post","link":"http:\/\/ihed.org.tr\/?p=172","title":{"rendered":"\u0130HED \u00c7ANKAYA K\u00d6\u015eK\u00dc&#8217;NDE"},"content":{"rendered":"<h4>\u0130HED Genel Ba\u015fkan\u0131\u00a0Do\u00e7. Dr. Nezir AKYE\u015e\u0130LMEN\u00a0insan haklar\u0131 \u00f6rg\u00fctlerinin \u00a0temsilcileriyle birlikte\u00a0\u00c7ankaya K\u00f6\u015fk\u00fc&#8217;nde\u00a0<span style=\"line-height: 1.5;\">Ba\u015fbakan Yard\u0131mc\u0131s\u0131 Numan Kurtulmu\u015f ile \u00a0toplant\u0131ya kat\u0131ld\u0131.<\/span><\/h4>\n<h4>Kurtulmu\u015f: Alg\u0131 operasyonlar\u0131 olacak<\/h4>\n<h4>Ba\u015fbakan Yard\u0131mc\u0131s\u0131 Kurtulmu\u015f, G\u00f6rd\u00fc\u011f\u00fcm kadar\u0131yla bundan sonra alandaki temel m\u00fccadeleleri, alg\u0131 operasyonlar\u0131 olacakt\u0131r. Alg\u0131 operasyonlar\u0131n\u0131 da iki alanda yo\u011funla\u015ft\u0131racaklar. Bunlardan bir tanesi ekonomide. T\u00fcrkiye ekonomisinin k\u00f6t\u00fc gitti\u011fini ifade eden, bunu anlatmaya \u00e7al\u0131\u015fan bir alg\u0131 operasyonu&#8230; \u0130kinci alan ise insan haklar\u0131 ihlalleridir&#8221; dedi.<\/h4>\n<p><img loading=\"lazy\" decoding=\"async\" class=\"alignleft size-full wp-image-175\" src=\"http:\/\/ihed.org.tr\/wp-content\/uploads\/kurtulmus-algi-operasyonlari-olacak-7436234.jpeg\" alt=\"kurtulmus-algi-operasyonlari-olacak-7436234\" width=\"606\" height=\"340\" srcset=\"http:\/\/ihed.org.tr\/wp-content\/uploads\/kurtulmus-algi-operasyonlari-olacak-7436234.jpeg 606w, http:\/\/ihed.org.tr\/wp-content\/uploads\/kurtulmus-algi-operasyonlari-olacak-7436234-300x168.jpeg 300w\" sizes=\"(max-width: 606px) 100vw, 606px\" \/><\/p>\n<p>&nbsp;<\/p>\n<p>&nbsp;<\/p>\n<p>&nbsp;<\/p>\n<p>&nbsp;<\/p>\n<p>&nbsp;<\/p>\n<p>&nbsp;<\/p>\n<p>&nbsp;<\/p>\n<p>Ba\u015fbakan Yard\u0131mc\u0131s\u0131 Numan Kurtulmu\u015f,\u00a0\u00c7ankaya K\u00f6\u015fk\u00fc&#8217;nde, insan haklar\u0131 \u00f6rg\u00fctlerinin \u00a0temsilcileriyle bir araya geldi\u011fi toplant\u0131da yapt\u0131\u011f\u0131 konu\u015fmada, T\u00fcrkiye&#8217;de, 15 \u00a0Temmuz&#8217;da hi\u00e7 hat\u0131rlanmak istenmeyen, \u00fclkeye son derece a\u011f\u0131r bedeller \u00f6detmek \u00a0\u00fczere tasarlanan darbe te\u015febb\u00fcs\u00fcn\u00fcn geride b\u0131rak\u0131ld\u0131\u011f\u0131n\u0131 ifade etti.\u00a0Bu darbe te\u015febb\u00fcs\u00fcnden T\u00fcrkiye&#8217;nin kurtulmas\u0131nda, halk\u0131n kararl\u0131 bir \u00a0\u015fekilde tanklar\u0131n \u00f6n\u00fcne \u00e7\u0131kmas\u0131, darbecilere meydanlar\u0131 b\u0131rakmamas\u0131n\u0131n etkili \u00a0oldu\u011funu belirten Kurtulmu\u015f, ayr\u0131ca ba\u015fta Cumhurba\u015fkan\u0131 Recep Tayyip Erdo\u011fan \u00a0olmak \u00fczere, siyasetin son derece kararl\u0131 ve dik duru\u015fu, siyasi partilerin \u00a0hepsinin darbecilerin kar\u015f\u0131s\u0131na dikilmesi, STK&#8217;lar\u0131n, medyan\u0131n darbe giri\u015fimine \u00a0kar\u015f\u0131 cansiperane demokrasiyi savunmas\u0131n\u0131n b\u00fcy\u00fck bir badirenin az hasarla \u00a0atlat\u0131lmas\u0131na vesile oldu\u011funu s\u00f6yledi.<\/p>\n<div id=\"inread\"><\/div>\n<div class=\"flt_left marj10\"><\/div>\n<p>&#8220;Bu adamlar, bu darbeyle neyi tasarlad\u0131larsa tam tersi oluyor ve tam \u00a0tersi olmaya in\u015fallah devam edecek.&#8221; diyen Kurtulmu\u015f, \u015f\u00f6yle konu\u015ftu:\u00a0 &#8220;Bunlar, \u00f6nceki b\u00fct\u00fcn darbelerden farkl\u0131 olarak, y\u00f6netimi \u00a0de\u011fi\u015ftireceklerdi ama bununla birlikte T\u00fcrkiye&#8217;nin bir i\u00e7 sava\u015fa s\u00fcr\u00fcklenmesini \u00a0sa\u011flamak, T\u00fcrkiye&#8217;nin d\u0131\u015f i\u015fgalinin zeminini olu\u015fturmak i\u00e7in hareket ettikleri \u00a0a\u015fikar. Tabii b\u00f6yle olunca siyasetin b\u00fcy\u00fck bir \u00e7at\u0131\u015fma, kutupla\u015fma \u00fczerine \u00a0oturmas\u0131n\u0131 planl\u0131yorlard\u0131. T\u00fcrkiye&#8217;de toplumsal kesimlerin, sa\u011fc\u0131lar\u0131n, \u00a0solcular\u0131n, Alevilerin, S\u00fcnnilerin, T\u00fcrklerin, K\u00fcrtlerin b\u00fcy\u00fck bir \u00e7at\u0131\u015fma \u00a0ortam\u0131na girmesini tasarl\u0131yorlard\u0131. Siyasetin tam bir d\u00fc\u015fmanl\u0131k haline \u00a0d\u00f6n\u00fc\u015fmesini planl\u0131yorlard\u0131. Siyasetin karar alamayan, b\u00fct\u00fcn alanlar\u0131 bu \u00fc\u00e7-be\u015f \u00a0tane \u00e7apulcuya b\u0131rakan bir noktaya gelmesini planl\u0131yorlard\u0131. \u00c7ok \u015f\u00fck\u00fcr tam tersi \u00a0oluyor. Uzun zamand\u0131r arad\u0131\u011f\u0131m\u0131z, \u00f6zlem duydu\u011fumuz siyasette nezaket ve zarafet \u00a0dilinin ortaya \u00e7\u0131kmakta oldu\u011funu, yap\u0131c\u0131 bir diyalog zemininin olu\u015fmakta oldu\u011funu \u00a0g\u00f6rmekten hepimiz b\u00fcy\u00fck memnuniyet duyuyoruz. \u00dcmit ederiz ki bu ili\u015fki devam \u00a0eder. Biz h\u00fck\u00fcmet olarak, iktidar partisi olarak bu s\u00fcreci b\u00fct\u00fcn yap\u0131c\u0131 ve iyi \u00a0niyetli tavr\u0131m\u0131zla s\u00fcrd\u00fcrmeye kararl\u0131y\u0131z.&#8221;<\/p>\n<p><strong>BELK\u0130 YILLAR S\u00dcRECEK B\u0130R M\u00dcCADELE<\/strong><\/p>\n<p>Ba\u015fbakan Yard\u0131mc\u0131s\u0131 Kurtulmu\u015f, 40 y\u0131ll\u0131k bir haz\u0131rl\u0131kla devleti ele \u00a0ge\u00e7irmek ve milleti paralelize etmek \u00fczere harekete ge\u00e7en bu \u00e7etenin ve \u00a0arkas\u0131ndaki g\u00fc\u00e7lerin haz\u0131rl\u0131klar\u0131n\u0131n, millet taraf\u0131ndan p\u00fcsk\u00fcrt\u00fcld\u00fc\u011f\u00fcn\u00fc s\u00f6yledi.\u00a0Bunlar\u0131n \u00e7ok ciddi bir \u015fekilde i\u00e7eride ve d\u0131\u015far\u0131da k\u0131lcal damarlara \u00a0kadar uzanan bir a\u011f\u0131 oldu\u011funa dikkati \u00e7eken Kurtulmu\u015f, &#8220;Kararl\u0131 bir \u015fekilde, ama \u00a0insan haklar\u0131 hukukun prensibinden asla vazge\u00e7meden, bu m\u00fccadeleyi s\u00fcrd\u00fcrece\u011fiz. \u00a0Belki y\u0131llar s\u00fcrecek bir m\u00fccadeledir. \u015eimdi bizim \u00f6n\u00fcm\u00fczdeki s\u00fcre\u00e7te yapaca\u011f\u0131m\u0131z \u00a0\u015fey, demokrasiyi b\u00fct\u00fcn kurum ve kurallar\u0131yla daha m\u00fckemmel bir hale getirecek bir \u00a0kararl\u0131l\u0131\u011f\u0131 ortaya koymakt\u0131r. Ayr\u0131ca hi\u00e7 kimsenin bir darbe daha yapmay\u0131 dahi \u00a0akl\u0131n\u0131n ucundan ge\u00e7iremeyece\u011fi bir sistemin olu\u015fmas\u0131d\u0131r.&#8221; diye konu\u015ftu.<\/p>\n<p>Temelinde darbe \u00fcreten ve maalesef darbenin zemini olarak da T\u00fcrk \u00a0Silahl\u0131 Kuvvetlerini haz\u0131rlayan bu anlay\u0131\u015f\u0131n b\u00fct\u00fcn\u00fcyle geride kald\u0131\u011f\u0131n\u0131 belirten \u00a0Kurtulmu\u015f, \u015funlar\u0131 kaydetti:\u00a0 &#8220;Bunun d\u0131\u015f\u0131nda \u00e7ok \u00f6nemli bir alan\u0131m\u0131z da T\u00fcrkiye&#8217;de kamu d\u00fczeninin, \u00a0kamu y\u00f6netiminin \u015feffafla\u015ft\u0131r\u0131lmas\u0131d\u0131r. \u00d6zellikle devlet y\u00f6netiminde, kamu \u00a0kadrolar\u0131nda paralel birtak\u0131m yap\u0131lanmalar\u0131n bundan sonra ilanihaye \u00f6n\u00fcne ge\u00e7mek \u00a0i\u00e7in devletin b\u00fct\u00fcn kadrolar\u0131n\u0131n, milletin tamam\u0131na a\u00e7\u0131k hale gelmesidir. Burada \u00a0da \u00fc\u00e7 temel prensibimizin, ehliyet, liyakat ve millete sadakat oldu\u011funun alt\u0131n\u0131 \u00a0\u00e7izmek isterim. \u015eu yere, bu yere, \u015fu cemaate, bu cemaate de\u011fil millete sadakatin \u00a0esas al\u0131nd\u0131\u011f\u0131 bir yap\u0131lanmay\u0131 ger\u00e7ekle\u015ftirmek in\u015fallah m\u00fcmk\u00fcn olur.&#8221;<\/p>\n<p>Kurtulmu\u015f, darbeyi haz\u0131rlayanlar\u0131n ve g\u00fcndeme getirenlerin, milletin \u00a0kar\u015f\u0131s\u0131nda g\u00fc\u00e7lerinin yetmedi\u011fine i\u015faret ederek, &#8220;Ama vazge\u00e7ip, kenara \u00e7ekilecek \u00a0de\u011fillerdir. Bundan sonra sald\u0131r\u0131lar\u0131n\u0131, daha \u00f6rt\u00fcl\u00fc bir \u015fekilde, daha ustal\u0131kl\u0131 \u00a0bir \u015fekilde s\u00fcrd\u00fcrmeye devam edecekler. Belki onun arkas\u0131ndan yeni bir dalga \u00a0olu\u015fturarak tekrar bir silahl\u0131 m\u00fcdahalenin zeminini nas\u0131l haz\u0131rlayabileceklerinin \u00a0hesab\u0131n\u0131 yapacaklar. Ama g\u00f6rd\u00fc\u011f\u00fcm kadar\u0131yla bundan sonra alandaki temel \u00a0m\u00fccadeleleri alg\u0131 operasyonlar\u0131 olacakt\u0131r. Alg\u0131 operasyonlar\u0131n\u0131 da iki alanda \u00a0yo\u011funla\u015ft\u0131racaklar. Bunlardan bir tanesi ekonomide. T\u00fcrkiye ekonomisinin k\u00f6t\u00fc \u00a0gitti\u011fini ifade eden, bunu anlatmaya \u00e7al\u0131\u015fan bir alg\u0131 operasyonu&#8230; \u0130kinci alan \u00a0ise insan haklar\u0131 ihlalleridir. Bu alanda olu\u015facak negatif alg\u0131n\u0131n \u00f6n\u00fcne \u00a0ge\u00e7ilmesi i\u00e7in neler yap\u0131lmas\u0131 gerekir konu\u015fmam\u0131z gereken \u00f6nemli alanlardan \u00a0birisi.&#8221; ifadelerini kulland\u0131.<\/p>\n","protected":false},"excerpt":{"rendered":"<p>\u0130HED Genel Ba\u015fkan\u0131\u00a0Do\u00e7. Dr. Nezir AKYE\u015e\u0130LMEN\u00a0insan haklar\u0131 \u00f6rg\u00fctlerinin \u00a0temsilcileriyle birlikte\u00a0\u00c7ankaya K\u00f6\u015fk\u00fc&#8217;nde\u00a0Ba\u015fbakan Yard\u0131mc\u0131s\u0131 Numan Kurtulmu\u015f ile \u00a0toplant\u0131ya kat\u0131ld\u0131. Kurtulmu\u015f: Alg\u0131 operasyonlar\u0131 olacak Ba\u015fbakan Yard\u0131mc\u0131s\u0131 Kurtulmu\u015f, G\u00f6rd\u00fc\u011f\u00fcm [&hellip;]<\/p>\n","protected":false},"author":1,"featured_media":173,"comment_status":"closed","ping_status":"open","sticky":false,"template":"","format":"standard","meta":{"footnotes":""},"categories":[5,1],"tags":[],"_links":{"self":[{"href":"http:\/\/ihed.org.tr\/index.php?rest_route=\/wp\/v2\/posts\/172"}],"collection":[{"href":"http:\/\/ihed.org.tr\/index.php?rest_route=\/wp\/v2\/posts"}],"about":[{"href":"http:\/\/ihed.org.tr\/index.php?rest_route=\/wp\/v2\/types\/post"}],"author":[{"embeddable":true,"href":"http:\/\/ihed.org.tr\/index.php?rest_route=\/wp\/v2\/users\/1"}],"replies":[{"embeddable":true,"href":"http:\/\/ihed.org.tr\/index.php?rest_route=%2Fwp%2Fv2%2Fcomments&post=172"}],"version-history":[{"count":9,"href":"http:\/\/ihed.org.tr\/index.php?rest_route=\/wp\/v2\/posts\/172\/revisions"}],"predecessor-version":[{"id":185,"href":"http:\/\/ihed.org.tr\/index.php?rest_route=\/wp\/v2\/posts\/172\/revisions\/185"}],"wp:featuredmedia":[{"embeddable":true,"href":"http:\/\/ihed.org.tr\/index.php?rest_route=\/wp\/v2\/media\/173"}],"wp:attachment":[{"href":"http:\/\/ihed.org.tr\/index.php?rest_route=%2Fwp%2Fv2%2Fmedia&parent=172"}],"wp:term":[{"taxonomy":"category","embeddable":true,"href":"http:\/\/ihed.org.tr\/index.php?rest_route=%2Fwp%2Fv2%2Fcategories&post=172"},{"taxonomy":"post_tag","embeddable":true,"href":"http:\/\/ihed.org.tr\/index.php?rest_route=%2Fwp%2Fv2%2Ftags&post=172"}],"curies":[{"name":"wp","href":"https:\/\/api.w.org\/{rel}","templated":true}]}}